{"id":228,"date":"2024-10-11T11:00:00","date_gmt":"2024-10-11T10:00:00","guid":{"rendered":"https:\/\/armn96.wordpress.com\/2025\/02\/25\/foire-aux-oignons-de-givet-2024\/"},"modified":"2025-11-04T23:15:07","modified_gmt":"2025-11-04T23:15:07","slug":"foire-aux-oignons-de-givet-2024","status":"publish","type":"post","link":"https:\/\/armn.fr\/index.php\/2024\/10\/11\/foire-aux-oignons-de-givet-2024\/","title":{"rendered":"Foire aux oignons de Givet 2024"},"content":{"rendered":"\n<p>Comme chaque ann\u00e9e, nous serons pr\u00e9sents \u00e0 la foire aux oignons de GIVET.&nbsp;<\/p>\n\n\n\n<p>Nous aurons le plaisir de vous accueillir sur notre stand (place mehul, pr\u00e8s de nougat maurice)!<\/p>\n\n\n\n<p><\/p>\n\n\n\n<div class=\"wp-block-media-text is-stacked-on-mobile\"><figure class=\"wp-block-media-text__media\"><img loading=\"lazy\" decoding=\"async\" width=\"339\" height=\"480\" src=\"http:\/\/armn.fr\/wp-content\/uploads\/2025\/02\/img_0908-2-1.jpg?w=339\" class=\"wp-image-227 size-full\" srcset=\"https:\/\/armn.fr\/wp-content\/uploads\/2025\/02\/img_0908-2-1.jpg 339w, https:\/\/armn.fr\/wp-content\/uploads\/2025\/02\/img_0908-2-1-212x300.jpg 212w\" sizes=\"(max-width: 339px) 100vw, 339px\" \/><\/figure><div class=\"wp-block-media-text__content\">\n<p>Au menu :&nbsp;<\/p>\n\n\n\n<ul class=\"wp-block-list\">\n<li>Soupe aux oignons <\/li>\n\n\n\n<li>Vin chaud <\/li>\n\n\n\n<li>Hot-dogs<\/li>\n\n\n\n<li>Caf\u00e9<\/li>\n\n\n\n<li>Chocolat chaud <\/li>\n\n\n\n<li>Bi\u00e8res <\/li>\n\n\n\n<li>Softs<\/li>\n\n\n\n<li>\u2026<\/li>\n<\/ul>\n<\/div><\/div>\n\n\n\n<p>Venez nombreux !!&nbsp;<\/p>\n\n\n\n<p><mark style=\"background-color:rgba(0,0,0,0);color:#404c80\" class=\"has-inline-color\">La foire aux oignons c&rsquo;est : une foire renomm\u00e9e depuis 406 ann\u00e9es. Les commer\u00e7ants Givetois et commer\u00e7ants ambulants s&#8217;emparent des rues de Givet le temps d&rsquo;une journ\u00e9e pour le plus grand plaisir de plus de 25 000 personnes.<\/mark><\/p>\n","protected":false},"excerpt":{"rendered":"<p>Comme chaque ann\u00e9e, nous serons pr\u00e9sents \u00e0 la foire aux oignons de GIVET.&nbsp; Nous aurons le plaisir de vous accueillir sur notre stand (place mehul, pr\u00e8s de nougat maurice)! Venez [&hellip;]<\/p>\n","protected":false},"author":2,"featured_media":243,"comment_status":"open","ping_status":"open","sticky":false,"template":"","format":"standard","meta":{"saved_in_kubio":false,"footnotes":""},"categories":[1],"tags":[],"class_list":["post-228","post","type-post","status-publish","format-standard","has-post-thumbnail","hentry","category-uncategorized"],"_links":{"self":[{"href":"https:\/\/armn.fr\/index.php\/wp-json\/wp\/v2\/posts\/228","targetHints":{"allow":["GET"]}}],"collection":[{"href":"https:\/\/armn.fr\/index.php\/wp-json\/wp\/v2\/posts"}],"about":[{"href":"https:\/\/armn.fr\/index.php\/wp-json\/wp\/v2\/types\/post"}],"author":[{"embeddable":true,"href":"https:\/\/armn.fr\/index.php\/wp-json\/wp\/v2\/users\/2"}],"replies":[{"embeddable":true,"href":"https:\/\/armn.fr\/index.php\/wp-json\/wp\/v2\/comments?post=228"}],"version-history":[{"count":1,"href":"https:\/\/armn.fr\/index.php\/wp-json\/wp\/v2\/posts\/228\/revisions"}],"predecessor-version":[{"id":329,"href":"https:\/\/armn.fr\/index.php\/wp-json\/wp\/v2\/posts\/228\/revisions\/329"}],"wp:featuredmedia":[{"embeddable":true,"href":"https:\/\/armn.fr\/index.php\/wp-json\/wp\/v2\/media\/243"}],"wp:attachment":[{"href":"https:\/\/armn.fr\/index.php\/wp-json\/wp\/v2\/media?parent=228"}],"wp:term":[{"taxonomy":"category","embeddable":true,"href":"https:\/\/armn.fr\/index.php\/wp-json\/wp\/v2\/categories?post=228"},{"taxonomy":"post_tag","embeddable":true,"href":"https:\/\/armn.fr\/index.php\/wp-json\/wp\/v2\/tags?post=228"}],"curies":[{"name":"wp","href":"https:\/\/api.w.org\/{rel}","templated":true}]}}